{"id":248,"date":"2025-10-14T00:43:41","date_gmt":"2025-10-13T22:43:41","guid":{"rendered":"https:\/\/upacotentin.fr\/?p=248"},"modified":"2025-10-14T00:57:00","modified_gmt":"2025-10-13T22:57:00","slug":"video-de-presentation","status":"publish","type":"post","link":"https:\/\/upacotentin.fr\/index.php\/2025\/10\/14\/video-de-presentation\/","title":{"rendered":"Vid\u00e9o de pr\u00e9sentation"},"content":{"rendered":"\n<p><\/p>\n\n\n\n<figure class=\"wp-block-video\"><video height=\"1920\" style=\"aspect-ratio: 1080 \/ 1920;\" width=\"1080\" controls src=\"https:\/\/upacotentin.fr\/wp-content\/uploads\/2025\/10\/Presentation-1.mov\"><\/video><\/figure>\n","protected":false},"excerpt":{"rendered":"<p>Vid\u00e9o de pr\u00e9sentation de l&rsquo;UPA par Jean-S\u00e9bastien, depuis la ferme H\u00e9b\u00e9<\/p>\n","protected":false},"author":2,"featured_media":261,"comment_status":"closed","ping_status":"closed","sticky":false,"template":"","format":"standard","meta":{"_uag_custom_page_level_css":"","site-sidebar-layout":"default","site-content-layout":"","ast-site-content-layout":"default","site-content-style":"default","site-sidebar-style":"default","ast-global-header-display":"","ast-banner-title-visibility":"","ast-main-header-display":"","ast-hfb-above-header-display":"","ast-hfb-below-header-display":"","ast-hfb-mobile-header-display":"","site-post-title":"","ast-breadcrumbs-content":"","ast-featured-img":"","footer-sml-layout":"","theme-transparent-header-meta":"","adv-header-id-meta":"","stick-header-meta":"","header-above-stick-meta":"","header-main-stick-meta":"","header-below-stick-meta":"","astra-migrate-meta-layouts":"default","ast-page-background-enabled":"default","ast-page-background-meta":{"desktop":{"background-color":"var(--ast-global-color-5)","background-image":"","background-repeat":"repeat","background-position":"center center","background-size":"auto","background-attachment":"scroll","background-type":"","background-media":"","overlay-type":"","overlay-color":"","overlay-opacity":"","overlay-gradient":""},"tablet":{"background-color":"","background-image":"","background-repeat":"repeat","background-position":"center center","background-size":"auto","background-attachment":"scroll","background-type":"","background-media":"","overlay-type":"","overlay-color":"","overlay-opacity":"","overlay-gradient":""},"mobile":{"background-color":"","background-image":"","background-repeat":"repeat","background-position":"center center","background-size":"auto","background-attachment":"scroll","background-type":"","background-media":"","overlay-type":"","overlay-color":"","overlay-opacity":"","overlay-gradient":""}},"ast-content-background-meta":{"desktop":{"background-color":"var(--ast-global-color-4)","background-image":"","background-repeat":"repeat","background-position":"center center","background-size":"auto","background-attachment":"scroll","background-type":"","background-media":"","overlay-type":"","overlay-color":"","overlay-opacity":"","overlay-gradient":""},"tablet":{"background-color":"var(--ast-global-color-4)","background-image":"","background-repeat":"repeat","background-position":"center center","background-size":"auto","background-attachment":"scroll","background-type":"","background-media":"","overlay-type":"","overlay-color":"","overlay-opacity":"","overlay-gradient":""},"mobile":{"background-color":"var(--ast-global-color-4)","background-image":"","background-repeat":"repeat","background-position":"center center","background-size":"auto","background-attachment":"scroll","background-type":"","background-media":"","overlay-type":"","overlay-color":"","overlay-opacity":"","overlay-gradient":""}},"footnotes":""},"categories":[1],"tags":[],"class_list":["post-248","post","type-post","status-publish","format-standard","has-post-thumbnail","hentry","category-uncategorized"],"yoast_head":"<!-- This site is optimized with the Yoast SEO plugin v26.4 - https:\/\/yoast.com\/wordpress\/plugins\/seo\/ -->\n<title>Vid\u00e9o de pr\u00e9sentation - UPA Cotentin<\/title>\n<meta name=\"robots\" content=\"index, follow, max-snippet:-1, max-image-preview:large, max-video-preview:-1\" \/>\n<link rel=\"canonical\" href=\"https:\/\/upacotentin.fr\/index.php\/2025\/10\/14\/video-de-presentation\/\" \/>\n<meta property=\"og:locale\" content=\"fr_FR\" \/>\n<meta property=\"og:type\" content=\"article\" \/>\n<meta property=\"og:title\" content=\"Vid\u00e9o de pr\u00e9sentation - UPA Cotentin\" \/>\n<meta property=\"og:description\" content=\"Vid\u00e9o de pr\u00e9sentation de l&#039;UPA par Jean-S\u00e9bastien, depuis la ferme H\u00e9b\u00e9\" \/>\n<meta property=\"og:url\" content=\"https:\/\/upacotentin.fr\/index.php\/2025\/10\/14\/video-de-presentation\/\" \/>\n<meta property=\"og:site_name\" content=\"UPA Cotentin\" \/>\n<meta property=\"article:published_time\" content=\"2025-10-13T22:43:41+00:00\" \/>\n<meta property=\"article:modified_time\" content=\"2025-10-13T22:57:00+00:00\" \/>\n<meta property=\"og:image\" content=\"https:\/\/upacotentin.fr\/wp-content\/uploads\/2025\/10\/Screenshot-2025-10-14-at-00.51.46-e1760396212114.png\" \/>\n\t<meta property=\"og:image:width\" content=\"736\" \/>\n\t<meta property=\"og:image:height\" content=\"747\" \/>\n\t<meta property=\"og:image:type\" content=\"image\/png\" \/>\n<meta name=\"author\" content=\"Ouch\" \/>\n<meta name=\"twitter:card\" content=\"summary_large_image\" \/>\n<meta name=\"twitter:label1\" content=\"\u00c9crit par\" \/>\n\t<meta name=\"twitter:data1\" content=\"Ouch\" \/>\n\t<meta name=\"twitter:label2\" content=\"Dur\u00e9e de lecture estim\u00e9e\" \/>\n\t<meta name=\"twitter:data2\" content=\"1 minute\" \/>\n<script type=\"application\/ld+json\" class=\"yoast-schema-graph\">{\"@context\":\"https:\/\/schema.org\",\"@graph\":[{\"@type\":\"Article\",\"@id\":\"https:\/\/upacotentin.fr\/index.php\/2025\/10\/14\/video-de-presentation\/#article\",\"isPartOf\":{\"@id\":\"https:\/\/upacotentin.fr\/index.php\/2025\/10\/14\/video-de-presentation\/\"},\"author\":{\"name\":\"Ouch\",\"@id\":\"https:\/\/upacotentin.fr\/#\/schema\/person\/7d462aa5c211d7c975010f2590c54ad1\"},\"headline\":\"Vid\u00e9o de pr\u00e9sentation\",\"datePublished\":\"2025-10-13T22:43:41+00:00\",\"dateModified\":\"2025-10-13T22:57:00+00:00\",\"mainEntityOfPage\":{\"@id\":\"https:\/\/upacotentin.fr\/index.php\/2025\/10\/14\/video-de-presentation\/\"},\"wordCount\":5,\"publisher\":{\"@id\":\"https:\/\/upacotentin.fr\/#organization\"},\"image\":{\"@id\":\"https:\/\/upacotentin.fr\/index.php\/2025\/10\/14\/video-de-presentation\/#primaryimage\"},\"thumbnailUrl\":\"https:\/\/upacotentin.fr\/wp-content\/uploads\/2025\/10\/Screenshot-2025-10-14-at-00.51.46-e1760396212114.png\",\"articleSection\":[\"Uncategorized\"],\"inLanguage\":\"fr-FR\"},{\"@type\":\"WebPage\",\"@id\":\"https:\/\/upacotentin.fr\/index.php\/2025\/10\/14\/video-de-presentation\/\",\"url\":\"https:\/\/upacotentin.fr\/index.php\/2025\/10\/14\/video-de-presentation\/\",\"name\":\"Vid\u00e9o de pr\u00e9sentation - UPA Cotentin\",\"isPartOf\":{\"@id\":\"https:\/\/upacotentin.fr\/#website\"},\"primaryImageOfPage\":{\"@id\":\"https:\/\/upacotentin.fr\/index.php\/2025\/10\/14\/video-de-presentation\/#primaryimage\"},\"image\":{\"@id\":\"https:\/\/upacotentin.fr\/index.php\/2025\/10\/14\/video-de-presentation\/#primaryimage\"},\"thumbnailUrl\":\"https:\/\/upacotentin.fr\/wp-content\/uploads\/2025\/10\/Screenshot-2025-10-14-at-00.51.46-e1760396212114.png\",\"datePublished\":\"2025-10-13T22:43:41+00:00\",\"dateModified\":\"2025-10-13T22:57:00+00:00\",\"breadcrumb\":{\"@id\":\"https:\/\/upacotentin.fr\/index.php\/2025\/10\/14\/video-de-presentation\/#breadcrumb\"},\"inLanguage\":\"fr-FR\",\"potentialAction\":[{\"@type\":\"ReadAction\",\"target\":[\"https:\/\/upacotentin.fr\/index.php\/2025\/10\/14\/video-de-presentation\/\"]}]},{\"@type\":\"ImageObject\",\"inLanguage\":\"fr-FR\",\"@id\":\"https:\/\/upacotentin.fr\/index.php\/2025\/10\/14\/video-de-presentation\/#primaryimage\",\"url\":\"https:\/\/upacotentin.fr\/wp-content\/uploads\/2025\/10\/Screenshot-2025-10-14-at-00.51.46-e1760396212114.png\",\"contentUrl\":\"https:\/\/upacotentin.fr\/wp-content\/uploads\/2025\/10\/Screenshot-2025-10-14-at-00.51.46-e1760396212114.png\",\"width\":736,\"height\":747},{\"@type\":\"BreadcrumbList\",\"@id\":\"https:\/\/upacotentin.fr\/index.php\/2025\/10\/14\/video-de-presentation\/#breadcrumb\",\"itemListElement\":[{\"@type\":\"ListItem\",\"position\":1,\"name\":\"Accueil\",\"item\":\"https:\/\/upacotentin.fr\/\"},{\"@type\":\"ListItem\",\"position\":2,\"name\":\"Vid\u00e9o de pr\u00e9sentation\"}]},{\"@type\":\"WebSite\",\"@id\":\"https:\/\/upacotentin.fr\/#website\",\"url\":\"https:\/\/upacotentin.fr\/\",\"name\":\"UPA Cotentin\",\"description\":\"Universit\u00e9 de la Paysannerie et de l&#039;Artisanat - Cotentin\",\"publisher\":{\"@id\":\"https:\/\/upacotentin.fr\/#organization\"},\"potentialAction\":[{\"@type\":\"SearchAction\",\"target\":{\"@type\":\"EntryPoint\",\"urlTemplate\":\"https:\/\/upacotentin.fr\/?s={search_term_string}\"},\"query-input\":{\"@type\":\"PropertyValueSpecification\",\"valueRequired\":true,\"valueName\":\"search_term_string\"}}],\"inLanguage\":\"fr-FR\"},{\"@type\":\"Organization\",\"@id\":\"https:\/\/upacotentin.fr\/#organization\",\"name\":\"Universit\u00e9 de la paysannerie et de l'artisanat - Cotentin\",\"alternateName\":\"UPA Cotentin\",\"url\":\"https:\/\/upacotentin.fr\/\",\"logo\":{\"@type\":\"ImageObject\",\"inLanguage\":\"fr-FR\",\"@id\":\"https:\/\/upacotentin.fr\/#\/schema\/logo\/image\/\",\"url\":\"https:\/\/upacotentin.fr\/wp-content\/uploads\/2025\/08\/cropped-Logos-UPA-TRANSPARENT-2.png\",\"contentUrl\":\"https:\/\/upacotentin.fr\/wp-content\/uploads\/2025\/08\/cropped-Logos-UPA-TRANSPARENT-2.png\",\"width\":1165,\"height\":536,\"caption\":\"Universit\u00e9 de la paysannerie et de l'artisanat - Cotentin\"},\"image\":{\"@id\":\"https:\/\/upacotentin.fr\/#\/schema\/logo\/image\/\"}},{\"@type\":\"Person\",\"@id\":\"https:\/\/upacotentin.fr\/#\/schema\/person\/7d462aa5c211d7c975010f2590c54ad1\",\"name\":\"Ouch\",\"image\":{\"@type\":\"ImageObject\",\"inLanguage\":\"fr-FR\",\"@id\":\"https:\/\/upacotentin.fr\/#\/schema\/person\/image\/\",\"url\":\"https:\/\/secure.gravatar.com\/avatar\/9aed3b0755ba631ec3b072aa1adaeb95a9e51a8751220eecb2c0a4ea08522c69?s=96&d=mm&r=g\",\"contentUrl\":\"https:\/\/secure.gravatar.com\/avatar\/9aed3b0755ba631ec3b072aa1adaeb95a9e51a8751220eecb2c0a4ea08522c69?s=96&d=mm&r=g\",\"caption\":\"Ouch\"},\"url\":\"https:\/\/upacotentin.fr\/index.php\/author\/jean-seb\/\"}]}<\/script>\n<!-- \/ Yoast SEO plugin. -->","yoast_head_json":{"title":"Vid\u00e9o de pr\u00e9sentation - UPA Cotentin","robots":{"index":"index","follow":"follow","max-snippet":"max-snippet:-1","max-image-preview":"max-image-preview:large","max-video-preview":"max-video-preview:-1"},"canonical":"https:\/\/upacotentin.fr\/index.php\/2025\/10\/14\/video-de-presentation\/","og_locale":"fr_FR","og_type":"article","og_title":"Vid\u00e9o de pr\u00e9sentation - UPA Cotentin","og_description":"Vid\u00e9o de pr\u00e9sentation de l'UPA par Jean-S\u00e9bastien, depuis la ferme H\u00e9b\u00e9","og_url":"https:\/\/upacotentin.fr\/index.php\/2025\/10\/14\/video-de-presentation\/","og_site_name":"UPA Cotentin","article_published_time":"2025-10-13T22:43:41+00:00","article_modified_time":"2025-10-13T22:57:00+00:00","og_image":[{"width":736,"height":747,"url":"https:\/\/upacotentin.fr\/wp-content\/uploads\/2025\/10\/Screenshot-2025-10-14-at-00.51.46-e1760396212114.png","type":"image\/png"}],"author":"Ouch","twitter_card":"summary_large_image","twitter_misc":{"\u00c9crit par":"Ouch","Dur\u00e9e de lecture estim\u00e9e":"1 minute"},"schema":{"@context":"https:\/\/schema.org","@graph":[{"@type":"Article","@id":"https:\/\/upacotentin.fr\/index.php\/2025\/10\/14\/video-de-presentation\/#article","isPartOf":{"@id":"https:\/\/upacotentin.fr\/index.php\/2025\/10\/14\/video-de-presentation\/"},"author":{"name":"Ouch","@id":"https:\/\/upacotentin.fr\/#\/schema\/person\/7d462aa5c211d7c975010f2590c54ad1"},"headline":"Vid\u00e9o de pr\u00e9sentation","datePublished":"2025-10-13T22:43:41+00:00","dateModified":"2025-10-13T22:57:00+00:00","mainEntityOfPage":{"@id":"https:\/\/upacotentin.fr\/index.php\/2025\/10\/14\/video-de-presentation\/"},"wordCount":5,"publisher":{"@id":"https:\/\/upacotentin.fr\/#organization"},"image":{"@id":"https:\/\/upacotentin.fr\/index.php\/2025\/10\/14\/video-de-presentation\/#primaryimage"},"thumbnailUrl":"https:\/\/upacotentin.fr\/wp-content\/uploads\/2025\/10\/Screenshot-2025-10-14-at-00.51.46-e1760396212114.png","articleSection":["Uncategorized"],"inLanguage":"fr-FR"},{"@type":"WebPage","@id":"https:\/\/upacotentin.fr\/index.php\/2025\/10\/14\/video-de-presentation\/","url":"https:\/\/upacotentin.fr\/index.php\/2025\/10\/14\/video-de-presentation\/","name":"Vid\u00e9o de pr\u00e9sentation - UPA Cotentin","isPartOf":{"@id":"https:\/\/upacotentin.fr\/#website"},"primaryImageOfPage":{"@id":"https:\/\/upacotentin.fr\/index.php\/2025\/10\/14\/video-de-presentation\/#primaryimage"},"image":{"@id":"https:\/\/upacotentin.fr\/index.php\/2025\/10\/14\/video-de-presentation\/#primaryimage"},"thumbnailUrl":"https:\/\/upacotentin.fr\/wp-content\/uploads\/2025\/10\/Screenshot-2025-10-14-at-00.51.46-e1760396212114.png","datePublished":"2025-10-13T22:43:41+00:00","dateModified":"2025-10-13T22:57:00+00:00","breadcrumb":{"@id":"https:\/\/upacotentin.fr\/index.php\/2025\/10\/14\/video-de-presentation\/#breadcrumb"},"inLanguage":"fr-FR","potentialAction":[{"@type":"ReadAction","target":["https:\/\/upacotentin.fr\/index.php\/2025\/10\/14\/video-de-presentation\/"]}]},{"@type":"ImageObject","inLanguage":"fr-FR","@id":"https:\/\/upacotentin.fr\/index.php\/2025\/10\/14\/video-de-presentation\/#primaryimage","url":"https:\/\/upacotentin.fr\/wp-content\/uploads\/2025\/10\/Screenshot-2025-10-14-at-00.51.46-e1760396212114.png","contentUrl":"https:\/\/upacotentin.fr\/wp-content\/uploads\/2025\/10\/Screenshot-2025-10-14-at-00.51.46-e1760396212114.png","width":736,"height":747},{"@type":"BreadcrumbList","@id":"https:\/\/upacotentin.fr\/index.php\/2025\/10\/14\/video-de-presentation\/#breadcrumb","itemListElement":[{"@type":"ListItem","position":1,"name":"Accueil","item":"https:\/\/upacotentin.fr\/"},{"@type":"ListItem","position":2,"name":"Vid\u00e9o de pr\u00e9sentation"}]},{"@type":"WebSite","@id":"https:\/\/upacotentin.fr\/#website","url":"https:\/\/upacotentin.fr\/","name":"UPA Cotentin","description":"Universit\u00e9 de la Paysannerie et de l&#039;Artisanat - Cotentin","publisher":{"@id":"https:\/\/upacotentin.fr\/#organization"},"potentialAction":[{"@type":"SearchAction","target":{"@type":"EntryPoint","urlTemplate":"https:\/\/upacotentin.fr\/?s={search_term_string}"},"query-input":{"@type":"PropertyValueSpecification","valueRequired":true,"valueName":"search_term_string"}}],"inLanguage":"fr-FR"},{"@type":"Organization","@id":"https:\/\/upacotentin.fr\/#organization","name":"Universit\u00e9 de la paysannerie et de l'artisanat - Cotentin","alternateName":"UPA Cotentin","url":"https:\/\/upacotentin.fr\/","logo":{"@type":"ImageObject","inLanguage":"fr-FR","@id":"https:\/\/upacotentin.fr\/#\/schema\/logo\/image\/","url":"https:\/\/upacotentin.fr\/wp-content\/uploads\/2025\/08\/cropped-Logos-UPA-TRANSPARENT-2.png","contentUrl":"https:\/\/upacotentin.fr\/wp-content\/uploads\/2025\/08\/cropped-Logos-UPA-TRANSPARENT-2.png","width":1165,"height":536,"caption":"Universit\u00e9 de la paysannerie et de l'artisanat - Cotentin"},"image":{"@id":"https:\/\/upacotentin.fr\/#\/schema\/logo\/image\/"}},{"@type":"Person","@id":"https:\/\/upacotentin.fr\/#\/schema\/person\/7d462aa5c211d7c975010f2590c54ad1","name":"Ouch","image":{"@type":"ImageObject","inLanguage":"fr-FR","@id":"https:\/\/upacotentin.fr\/#\/schema\/person\/image\/","url":"https:\/\/secure.gravatar.com\/avatar\/9aed3b0755ba631ec3b072aa1adaeb95a9e51a8751220eecb2c0a4ea08522c69?s=96&d=mm&r=g","contentUrl":"https:\/\/secure.gravatar.com\/avatar\/9aed3b0755ba631ec3b072aa1adaeb95a9e51a8751220eecb2c0a4ea08522c69?s=96&d=mm&r=g","caption":"Ouch"},"url":"https:\/\/upacotentin.fr\/index.php\/author\/jean-seb\/"}]}},"uagb_featured_image_src":{"full":["https:\/\/upacotentin.fr\/wp-content\/uploads\/2025\/10\/Screenshot-2025-10-14-at-00.51.46-e1760396212114.png",736,747,false],"thumbnail":["https:\/\/upacotentin.fr\/wp-content\/uploads\/2025\/10\/Screenshot-2025-10-14-at-00.51.46-e1760396212114-150x150.png",150,150,true],"medium":["https:\/\/upacotentin.fr\/wp-content\/uploads\/2025\/10\/Screenshot-2025-10-14-at-00.51.46-e1760396212114-296x300.png",296,300,true],"medium_large":["https:\/\/upacotentin.fr\/wp-content\/uploads\/2025\/10\/Screenshot-2025-10-14-at-00.51.46-e1760396212114.png",736,747,false],"large":["https:\/\/upacotentin.fr\/wp-content\/uploads\/2025\/10\/Screenshot-2025-10-14-at-00.51.46-597x1024.png",597,1024,true],"1536x1536":["https:\/\/upacotentin.fr\/wp-content\/uploads\/2025\/10\/Screenshot-2025-10-14-at-00.51.46-e1760396212114.png",736,747,false],"2048x2048":["https:\/\/upacotentin.fr\/wp-content\/uploads\/2025\/10\/Screenshot-2025-10-14-at-00.51.46-e1760396212114.png",736,747,false]},"uagb_author_info":{"display_name":"Ouch","author_link":"https:\/\/upacotentin.fr\/index.php\/author\/jean-seb\/"},"uagb_comment_info":0,"uagb_excerpt":"Vid\u00e9o de pr\u00e9sentation de l'UPA par Jean-S\u00e9bastien, depuis la ferme H\u00e9b\u00e9","_links":{"self":[{"href":"https:\/\/upacotentin.fr\/index.php\/wp-json\/wp\/v2\/posts\/248","targetHints":{"allow":["GET"]}}],"collection":[{"href":"https:\/\/upacotentin.fr\/index.php\/wp-json\/wp\/v2\/posts"}],"about":[{"href":"https:\/\/upacotentin.fr\/index.php\/wp-json\/wp\/v2\/types\/post"}],"author":[{"embeddable":true,"href":"https:\/\/upacotentin.fr\/index.php\/wp-json\/wp\/v2\/users\/2"}],"replies":[{"embeddable":true,"href":"https:\/\/upacotentin.fr\/index.php\/wp-json\/wp\/v2\/comments?post=248"}],"version-history":[{"count":4,"href":"https:\/\/upacotentin.fr\/index.php\/wp-json\/wp\/v2\/posts\/248\/revisions"}],"predecessor-version":[{"id":260,"href":"https:\/\/upacotentin.fr\/index.php\/wp-json\/wp\/v2\/posts\/248\/revisions\/260"}],"wp:featuredmedia":[{"embeddable":true,"href":"https:\/\/upacotentin.fr\/index.php\/wp-json\/wp\/v2\/media\/261"}],"wp:attachment":[{"href":"https:\/\/upacotentin.fr\/index.php\/wp-json\/wp\/v2\/media?parent=248"}],"wp:term":[{"taxonomy":"category","embeddable":true,"href":"https:\/\/upacotentin.fr\/index.php\/wp-json\/wp\/v2\/categories?post=248"},{"taxonomy":"post_tag","embeddable":true,"href":"https:\/\/upacotentin.fr\/index.php\/wp-json\/wp\/v2\/tags?post=248"}],"curies":[{"name":"wp","href":"https:\/\/api.w.org\/{rel}","templated":true}]}}